{"id":1848,"date":"2019-05-17T12:10:53","date_gmt":"2019-05-17T10:10:53","guid":{"rendered":"https:\/\/www.dartem.cat\/laepd-ha-hecho-public-el-listado-de-tratamiento-de-datos-donde-es-obligatoria-una-evaluacion-impacto\/"},"modified":"2021-09-06T10:11:04","modified_gmt":"2021-09-06T08:11:04","slug":"laepd-ha-hecho-public-el-listado-de-tratamiento-de-datos-donde-es-obligatoria-una-evaluacion-impacto","status":"publish","type":"post","link":"https:\/\/www.dartem.cat\/es\/laepd-ha-hecho-public-el-listado-de-tratamiento-de-datos-donde-es-obligatoria-una-evaluacion-impacto\/","title":{"rendered":"La AEPD ha hecho p\u00fablico el listado de tratamiento de datos donde es obligatoria una evaluaci\u00f3n de impacto"},"content":{"rendered":"<p>[et_pb_section fb_built=\u00bb1&#8243; _builder_version=\u00bb4.8.1&#8243; _module_preset=\u00bbdefault\u00bb][et_pb_row _builder_version=\u00bb4.8.1&#8243; _module_preset=\u00bbdefault\u00bb custom_padding=\u00bb4px|||||\u00bb][et_pb_column type=\u00bb4_4&#8243; _builder_version=\u00bb4.8.1&#8243; _module_preset=\u00bbdefault\u00bb][et_pb_text _builder_version=\u00bb4.8.1&#8243; _module_preset=\u00bbdefault\u00bb]<\/p>\n<p align=\"JUSTIFY\">La Agencia Espa\u00f1ola de Protecci\u00f3n de Datos (<a href=\"https:\/\/www.aepd.es\/media\/criterios\/listas-dpia-es-35-4.pdf\">AEPD<\/a>) ha publicado el listado de tratamiento de datos personales donde es obligatorio realizar una evaluaci\u00f3n de impacto.<\/p>\n<p lang=\"ca-ES\" align=\"JUSTIFY\">El apartado 1 del art\u00edculo 35 del Reglamento General de Protecci\u00f3n de Datos (RGPD) establece, con car\u00e1cter general, la obligaci\u00f3n de que las organizaciones que tratan datos tienen la obligaci\u00f3n de realizar una Evaluaci\u00f3n de Impacto relativa a la Protecci\u00f3n de Datos (AIPD) antes de ponerlos en funcionamiento cuando sea probable que, en funci\u00f3n de su naturaleza, conlleven un alto riesgo para los derechos y libertades de las personas.<\/p>\n<p lang=\"ca-ES\" align=\"JUSTIFY\">Por otra parte, el art\u00edculo 35.3 RGPD, establece que el AIPD se requerir\u00e1 en particular en caso de:<\/p>\n<p lang=\"ca-ES\" align=\"JUSTIFY\">a) evaluaci\u00f3n sistem\u00e1tica y exhaustiva de aspectos personales de personas f\u00edsicas que se base en un tratamiento automatizado, como la elaboraci\u00f3n de perfiles, y sobre cuya base tomen decisiones que produzcan efectos jur\u00eddicos para las personas f\u00edsicas o que los afecten significativamente de manera similar;<\/p>\n<p lang=\"ca-ES\" align=\"JUSTIFY\">b) tratamiento a gran escala de las categor\u00edas especiales de datos a que se refiere el art\u00edculo 9, apartado 1 del RGPD, o de los datos personales relativos a condenas e infracciones penales a que se refiere el art\u00edculo 10, o<\/p>\n<p lang=\"ca-ES\" align=\"JUSTIFY\">c) observaci\u00f3n sistem\u00e1tica a gran escala de una zona de acceso p\u00fablico.<\/p>\n<p lang=\"ca-ES\" align=\"JUSTIFY\">El apartado 4 prev\u00e9 que cada autoridad establezca y publique un listado de los tipos de operaciones de tratamientos que requieran una evaluaci\u00f3n de impacto. Esta lista tiene la finalidad de ofrecer seguridad a los responsables respecto a cu\u00e1les son los tratamientos en los que siempre se considerar\u00e1 que es probable que haya un alto riesgo. De acuerdo con lo previsto por el RGPD, el listado ha sido comunicado al Comit\u00e9 Europeo de Protecci\u00f3n de Datos, que ha emitido un dictamen favorable.<\/p>\n<p lang=\"ca-ES\" align=\"JUSTIFY\">La AEPD ha determinado que ser\u00e1 necesario realizar una EIPD en la mayor\u00eda de los casos en los que el tratamiento cumpla con dos o m\u00e1s criterios de la lista, entre los que hay tratamientos que impliquen un perfilado o valoraci\u00f3n de sujetos; observaci\u00f3n, monitorizaci\u00f3n, supervisi\u00f3n, geolocalizaci\u00f3n o control sistem\u00e1tico y exhaustivo; el uso de datos biom\u00e9tricos para identificar a una persona; el uso de datos gen\u00e9ticos para cualquier fin; el uso de datos a gran escala; el uso de datos que impidan a los interesados \u200b\u200bejercer sus derechos; el uso de nuevas tecnolog\u00edas con el objetivo de la recogida y la utilizaci\u00f3n de datos que supongan un riesgo para los derechos y libertades de las personas; el uso de datos de personas vulnerables o con riesgo de exclusi\u00f3n social o bien el uso de datos que permitan determinar la situaci\u00f3n financiera. Cuanto m\u00e1s criterios re\u00fana el tratamiento, mayor ser\u00e1 el riesgo de que comporte y mayor la certeza de la necesidad de una evaluaci\u00f3n de impacto.<\/p>\n<p>[\/et_pb_text][\/et_pb_column][\/et_pb_row][\/et_pb_section]<\/p>\n","protected":false},"excerpt":{"rendered":"<p>La Agencia Espa\u00f1ola de Protecci\u00f3n de Datos (AEPD) ha publicado el listado de tratamiento de datos personales donde es obligatorio realizar una evaluaci\u00f3n de impacto. El apartado 1 del art\u00edculo 35 del Reglamento General de Protecci\u00f3n de Datos (RGPD) establece, con car\u00e1cter general, la obligaci\u00f3n de que las organizaciones que tratan datos tienen la obligaci\u00f3n [&hellip;]<\/p>\n","protected":false},"author":2,"featured_media":0,"comment_status":"closed","ping_status":"open","sticky":false,"template":"","format":"standard","meta":{"_et_pb_use_builder":"on","_et_pb_old_content":"","_et_gb_content_width":"","footnotes":""},"categories":[1],"tags":[39],"class_list":["post-1848","post","type-post","status-publish","format-standard","hentry","category-sense-categoria","tag-proteccion-de-datos"],"yoast_head":"<!-- This site is optimized with the Yoast SEO plugin v23.5 - https:\/\/yoast.com\/wordpress\/plugins\/seo\/ -->\n<title>La AEPD ha hecho p\u00fablico el listado de tratamiento de datos donde es obligatoria una evaluaci\u00f3n de impacto - Dartem<\/title>\n<meta name=\"description\" content=\"La Agencia Espa\u00f1ola de Protecci\u00f3n de Datos (AEPD) ha publicado el listado de tratamiento de datos personales. Os lo contamos.\" \/>\n<meta name=\"robots\" content=\"index, follow, max-snippet:-1, max-image-preview:large, max-video-preview:-1\" \/>\n<link rel=\"canonical\" href=\"https:\/\/www.dartem.cat\/es\/laepd-ha-hecho-public-el-listado-de-tratamiento-de-datos-donde-es-obligatoria-una-evaluacion-impacto\/\" \/>\n<meta property=\"og:locale\" content=\"es_ES\" \/>\n<meta property=\"og:type\" content=\"article\" \/>\n<meta property=\"og:title\" content=\"La AEPD ha hecho p\u00fablico el listado de tratamiento de datos donde es obligatoria una evaluaci\u00f3n de impacto - Dartem\" \/>\n<meta property=\"og:description\" content=\"La Agencia Espa\u00f1ola de Protecci\u00f3n de Datos (AEPD) ha publicado el listado de tratamiento de datos personales. Os lo contamos.\" \/>\n<meta property=\"og:url\" content=\"https:\/\/www.dartem.cat\/es\/laepd-ha-hecho-public-el-listado-de-tratamiento-de-datos-donde-es-obligatoria-una-evaluacion-impacto\/\" \/>\n<meta property=\"og:site_name\" content=\"Dartem\" \/>\n<meta property=\"article:published_time\" content=\"2019-05-17T10:10:53+00:00\" \/>\n<meta property=\"article:modified_time\" content=\"2021-09-06T08:11:04+00:00\" \/>\n<meta name=\"author\" content=\"dartem\" \/>\n<meta name=\"twitter:card\" content=\"summary_large_image\" \/>\n<meta name=\"twitter:label1\" content=\"Escrito por\" \/>\n\t<meta name=\"twitter:data1\" content=\"dartem\" \/>\n\t<meta name=\"twitter:label2\" content=\"Tiempo de lectura\" \/>\n\t<meta name=\"twitter:data2\" content=\"3 minutos\" \/>\n<script type=\"application\/ld+json\" class=\"yoast-schema-graph\">{\"@context\":\"https:\/\/schema.org\",\"@graph\":[{\"@type\":\"WebPage\",\"@id\":\"https:\/\/www.dartem.cat\/es\/laepd-ha-hecho-public-el-listado-de-tratamiento-de-datos-donde-es-obligatoria-una-evaluacion-impacto\/\",\"url\":\"https:\/\/www.dartem.cat\/es\/laepd-ha-hecho-public-el-listado-de-tratamiento-de-datos-donde-es-obligatoria-una-evaluacion-impacto\/\",\"name\":\"La AEPD ha hecho p\u00fablico el listado de tratamiento de datos donde es obligatoria una evaluaci\u00f3n de impacto - Dartem\",\"isPartOf\":{\"@id\":\"https:\/\/www.dartem.cat\/es\/#website\"},\"datePublished\":\"2019-05-17T10:10:53+00:00\",\"dateModified\":\"2021-09-06T08:11:04+00:00\",\"author\":{\"@id\":\"https:\/\/www.dartem.cat\/es\/#\/schema\/person\/eb622dc1a0b39774cf61877894c2ca3b\"},\"description\":\"La Agencia Espa\u00f1ola de Protecci\u00f3n de Datos (AEPD) ha publicado el listado de tratamiento de datos personales. Os lo contamos.\",\"breadcrumb\":{\"@id\":\"https:\/\/www.dartem.cat\/es\/laepd-ha-hecho-public-el-listado-de-tratamiento-de-datos-donde-es-obligatoria-una-evaluacion-impacto\/#breadcrumb\"},\"inLanguage\":\"es\",\"potentialAction\":[{\"@type\":\"ReadAction\",\"target\":[\"https:\/\/www.dartem.cat\/es\/laepd-ha-hecho-public-el-listado-de-tratamiento-de-datos-donde-es-obligatoria-una-evaluacion-impacto\/\"]}]},{\"@type\":\"BreadcrumbList\",\"@id\":\"https:\/\/www.dartem.cat\/es\/laepd-ha-hecho-public-el-listado-de-tratamiento-de-datos-donde-es-obligatoria-una-evaluacion-impacto\/#breadcrumb\",\"itemListElement\":[{\"@type\":\"ListItem\",\"position\":1,\"name\":\"Portada\",\"item\":\"https:\/\/www.dartem.cat\/es\/\"},{\"@type\":\"ListItem\",\"position\":2,\"name\":\"La AEPD ha hecho p\u00fablico el listado de tratamiento de datos donde es obligatoria una evaluaci\u00f3n de impacto\"}]},{\"@type\":\"WebSite\",\"@id\":\"https:\/\/www.dartem.cat\/es\/#website\",\"url\":\"https:\/\/www.dartem.cat\/es\/\",\"name\":\"Dartem\",\"description\":\"Protecci\u00f3 de dades i Seguretat de la informaci\u00f3\",\"potentialAction\":[{\"@type\":\"SearchAction\",\"target\":{\"@type\":\"EntryPoint\",\"urlTemplate\":\"https:\/\/www.dartem.cat\/es\/?s={search_term_string}\"},\"query-input\":{\"@type\":\"PropertyValueSpecification\",\"valueRequired\":true,\"valueName\":\"search_term_string\"}}],\"inLanguage\":\"es\"},{\"@type\":\"Person\",\"@id\":\"https:\/\/www.dartem.cat\/es\/#\/schema\/person\/eb622dc1a0b39774cf61877894c2ca3b\",\"name\":\"dartem\",\"image\":{\"@type\":\"ImageObject\",\"inLanguage\":\"es\",\"@id\":\"https:\/\/www.dartem.cat\/es\/#\/schema\/person\/image\/\",\"url\":\"https:\/\/secure.gravatar.com\/avatar\/b1582f802a0e4aedb7455342857399b0?s=96&d=mm&r=g\",\"contentUrl\":\"https:\/\/secure.gravatar.com\/avatar\/b1582f802a0e4aedb7455342857399b0?s=96&d=mm&r=g\",\"caption\":\"dartem\"}}]}<\/script>\n<!-- \/ Yoast SEO plugin. -->","yoast_head_json":{"title":"La AEPD ha hecho p\u00fablico el listado de tratamiento de datos donde es obligatoria una evaluaci\u00f3n de impacto - Dartem","description":"La Agencia Espa\u00f1ola de Protecci\u00f3n de Datos (AEPD) ha publicado el listado de tratamiento de datos personales. Os lo contamos.","robots":{"index":"index","follow":"follow","max-snippet":"max-snippet:-1","max-image-preview":"max-image-preview:large","max-video-preview":"max-video-preview:-1"},"canonical":"https:\/\/www.dartem.cat\/es\/laepd-ha-hecho-public-el-listado-de-tratamiento-de-datos-donde-es-obligatoria-una-evaluacion-impacto\/","og_locale":"es_ES","og_type":"article","og_title":"La AEPD ha hecho p\u00fablico el listado de tratamiento de datos donde es obligatoria una evaluaci\u00f3n de impacto - Dartem","og_description":"La Agencia Espa\u00f1ola de Protecci\u00f3n de Datos (AEPD) ha publicado el listado de tratamiento de datos personales. Os lo contamos.","og_url":"https:\/\/www.dartem.cat\/es\/laepd-ha-hecho-public-el-listado-de-tratamiento-de-datos-donde-es-obligatoria-una-evaluacion-impacto\/","og_site_name":"Dartem","article_published_time":"2019-05-17T10:10:53+00:00","article_modified_time":"2021-09-06T08:11:04+00:00","author":"dartem","twitter_card":"summary_large_image","twitter_misc":{"Escrito por":"dartem","Tiempo de lectura":"3 minutos"},"schema":{"@context":"https:\/\/schema.org","@graph":[{"@type":"WebPage","@id":"https:\/\/www.dartem.cat\/es\/laepd-ha-hecho-public-el-listado-de-tratamiento-de-datos-donde-es-obligatoria-una-evaluacion-impacto\/","url":"https:\/\/www.dartem.cat\/es\/laepd-ha-hecho-public-el-listado-de-tratamiento-de-datos-donde-es-obligatoria-una-evaluacion-impacto\/","name":"La AEPD ha hecho p\u00fablico el listado de tratamiento de datos donde es obligatoria una evaluaci\u00f3n de impacto - Dartem","isPartOf":{"@id":"https:\/\/www.dartem.cat\/es\/#website"},"datePublished":"2019-05-17T10:10:53+00:00","dateModified":"2021-09-06T08:11:04+00:00","author":{"@id":"https:\/\/www.dartem.cat\/es\/#\/schema\/person\/eb622dc1a0b39774cf61877894c2ca3b"},"description":"La Agencia Espa\u00f1ola de Protecci\u00f3n de Datos (AEPD) ha publicado el listado de tratamiento de datos personales. Os lo contamos.","breadcrumb":{"@id":"https:\/\/www.dartem.cat\/es\/laepd-ha-hecho-public-el-listado-de-tratamiento-de-datos-donde-es-obligatoria-una-evaluacion-impacto\/#breadcrumb"},"inLanguage":"es","potentialAction":[{"@type":"ReadAction","target":["https:\/\/www.dartem.cat\/es\/laepd-ha-hecho-public-el-listado-de-tratamiento-de-datos-donde-es-obligatoria-una-evaluacion-impacto\/"]}]},{"@type":"BreadcrumbList","@id":"https:\/\/www.dartem.cat\/es\/laepd-ha-hecho-public-el-listado-de-tratamiento-de-datos-donde-es-obligatoria-una-evaluacion-impacto\/#breadcrumb","itemListElement":[{"@type":"ListItem","position":1,"name":"Portada","item":"https:\/\/www.dartem.cat\/es\/"},{"@type":"ListItem","position":2,"name":"La AEPD ha hecho p\u00fablico el listado de tratamiento de datos donde es obligatoria una evaluaci\u00f3n de impacto"}]},{"@type":"WebSite","@id":"https:\/\/www.dartem.cat\/es\/#website","url":"https:\/\/www.dartem.cat\/es\/","name":"Dartem","description":"Protecci\u00f3 de dades i Seguretat de la informaci\u00f3","potentialAction":[{"@type":"SearchAction","target":{"@type":"EntryPoint","urlTemplate":"https:\/\/www.dartem.cat\/es\/?s={search_term_string}"},"query-input":{"@type":"PropertyValueSpecification","valueRequired":true,"valueName":"search_term_string"}}],"inLanguage":"es"},{"@type":"Person","@id":"https:\/\/www.dartem.cat\/es\/#\/schema\/person\/eb622dc1a0b39774cf61877894c2ca3b","name":"dartem","image":{"@type":"ImageObject","inLanguage":"es","@id":"https:\/\/www.dartem.cat\/es\/#\/schema\/person\/image\/","url":"https:\/\/secure.gravatar.com\/avatar\/b1582f802a0e4aedb7455342857399b0?s=96&d=mm&r=g","contentUrl":"https:\/\/secure.gravatar.com\/avatar\/b1582f802a0e4aedb7455342857399b0?s=96&d=mm&r=g","caption":"dartem"}}]}},"_links":{"self":[{"href":"https:\/\/www.dartem.cat\/es\/wp-json\/wp\/v2\/posts\/1848"}],"collection":[{"href":"https:\/\/www.dartem.cat\/es\/wp-json\/wp\/v2\/posts"}],"about":[{"href":"https:\/\/www.dartem.cat\/es\/wp-json\/wp\/v2\/types\/post"}],"author":[{"embeddable":true,"href":"https:\/\/www.dartem.cat\/es\/wp-json\/wp\/v2\/users\/2"}],"replies":[{"embeddable":true,"href":"https:\/\/www.dartem.cat\/es\/wp-json\/wp\/v2\/comments?post=1848"}],"version-history":[{"count":5,"href":"https:\/\/www.dartem.cat\/es\/wp-json\/wp\/v2\/posts\/1848\/revisions"}],"predecessor-version":[{"id":1853,"href":"https:\/\/www.dartem.cat\/es\/wp-json\/wp\/v2\/posts\/1848\/revisions\/1853"}],"wp:attachment":[{"href":"https:\/\/www.dartem.cat\/es\/wp-json\/wp\/v2\/media?parent=1848"}],"wp:term":[{"taxonomy":"category","embeddable":true,"href":"https:\/\/www.dartem.cat\/es\/wp-json\/wp\/v2\/categories?post=1848"},{"taxonomy":"post_tag","embeddable":true,"href":"https:\/\/www.dartem.cat\/es\/wp-json\/wp\/v2\/tags?post=1848"}],"curies":[{"name":"wp","href":"https:\/\/api.w.org\/{rel}","templated":true}]}}