{"id":1839,"date":"2019-06-20T12:07:58","date_gmt":"2019-06-20T10:07:58","guid":{"rendered":"https:\/\/www.dartem.cat\/publicacion-calificaciones-notas-alumnos-universitarios-queda-sometida-rgpd\/"},"modified":"2021-09-06T09:51:58","modified_gmt":"2021-09-06T07:51:58","slug":"publicacion-calificaciones-notas-alumnos-universitarios-queda-sometida-rgpd","status":"publish","type":"post","link":"https:\/\/www.dartem.cat\/es\/publicacion-calificaciones-notas-alumnos-universitarios-queda-sometida-rgpd\/","title":{"rendered":"La publicaci\u00f3n de las calificaciones de las notas de los alumnos universitarios queda sometida al RGPD"},"content":{"rendered":"<p>[et_pb_section fb_built=\u00bb1&#8243; _builder_version=\u00bb4.8.1&#8243; _module_preset=\u00bbdefault\u00bb][et_pb_row _builder_version=\u00bb4.8.1&#8243; _module_preset=\u00bbdefault\u00bb custom_padding=\u00bb4px|||||\u00bb][et_pb_column type=\u00bb4_4&#8243; _builder_version=\u00bb4.8.1&#8243; _module_preset=\u00bbdefault\u00bb][et_pb_text _builder_version=\u00bb4.8.1&#8243; _module_preset=\u00bbdefault\u00bb]<\/p>\n<p align=\"JUSTIFY\">Nos hacemos eco en este art\u00edculo de la respuesta del Gabinete Jur\u00eddico de la Agencia Espa\u00f1ola de Protecci\u00f3n de Datos, a una consulta relacionada con la publicaci\u00f3n de las calificaciones de los alumnos en asignaturas impartidas en los estudios de Grado.<\/p>\n<p lang=\"ca-ES\" align=\"JUSTIFY\"> La AEPD pone de manifiesto que la publicaci\u00f3n de las calificaciones de los alumnos, en la medida que contiene datos personales relativos a personas f\u00edsicas, queda sometida a lo dispuesto en el RGPD.<\/p>\n<p lang=\"ca-ES\" align=\"JUSTIFY\"> Durante la vigencia de la Ley Org\u00e1nica 15\/1999, de 13 de diciembre, de Protecci\u00f3n de Datos de Car\u00e1cter Personal, la AEPD se pronunci\u00f3 sobre la necesidad del consentimiento inequ\u00edvoco de los alumnos para poder proceder a la publicaci\u00f3n de las calificaciones. Lo hizo en su informe 469\/2002 sobre \u00abPublicaci\u00f3n en mostradores de las calificaciones de alumnos universitarios\u00bb en el que llegaba a la conclusi\u00f3n de que la difusi\u00f3n de las notas a trav\u00e9s de los tablones de anuncios de la universidad, constitu\u00eda una cesi\u00f3n de datos de car\u00e1cter personal de los alumnos no autorizada por una ley, por lo que era necesario que cada alumno diera su consentimiento para poder publicar las calificaciones.<\/p>\n<p lang=\"ca-ES\" align=\"JUSTIFY\"> Esta situaci\u00f3n se modific\u00f3 con la disposici\u00f3n Adicional vig\u00e9sima primera de la Ley Org\u00e1nica 4\/2007, del 12 de abril, de modificaci\u00f3n de la Ley Org\u00e1nica 6\/2001, de 21 de diciembre, donde se estableci\u00f3 que no era necesario el consentimiento de los estudiantes para la publicaci\u00f3n de los resultados de las pruebas relacionadas con la evaluaci\u00f3n de sus conocimientos y competencias. Posteriormente, la AEPD consider\u00f3 en su informe 178\/2014, que el legislador estaba reconociendo la posibilidad de que las universidades pudieran apreciar la existencia de un inter\u00e9s p\u00fablico en el conocimiento generalizar los resultados de las evaluaciones, que prevalecer\u00eda sobre la voluntad de los alumnos, y permitir\u00eda su publicaci\u00f3n sin la necesidad del consentimiento de los interesados.<\/p>\n<p lang=\"ca-ES\" align=\"JUSTIFY\">Con la aplicaci\u00f3n del RGPD, las causas de legitimaci\u00f3n en los tratamientos de datos se han ampliado, y en cuanto a este concreto tratamiento, dado que el legislador ha reconocido la existencia de un inter\u00e9s p\u00fablico en la publicaci\u00f3n de las calificaciones universitarias, esta publicaci\u00f3n tendr\u00eda su base jur\u00eddica en lo previsto en el art\u00edculo 6.1.e) del RGPD: el tratamiento es necesario para el cumplimiento de una misi\u00f3n realizada en inter\u00e9s p\u00fablico o en el ejercicio de poderes p\u00fablicos conferidos al responsable del tratamiento, derivada de una competencia atribuida por una norma con rango de ley; tal como prev\u00e9 tambi\u00e9n el art\u00edculo 8.2 de la LOPDGDD, que remite al RGPD.<\/p>\n<p lang=\"ca-ES\" align=\"JUSTIFY\"> Pero tambi\u00e9n podr\u00edan aplicar otra causa de legitimaci\u00f3n, porque las calificaciones obtenidas pueden tener incidencia en el otorgamiento de las matr\u00edculas de honor limitadas a un n\u00famero de estudiantes, as\u00ed como tambi\u00e9n en la concesi\u00f3n de premios extraordinarios, por lo que tambi\u00e9n se podr\u00eda apreciar un inter\u00e9s leg\u00edtimo de los alumnos del grupo en el conocimiento de las calificaciones de sus compa\u00f1eros, al amparo de lo previsto en la letra f) del art\u00edculo 6.1. del RGPD.<\/p>\n<p lang=\"ca-ES\" align=\"JUSTIFY\">En cuanto al tiempo en que se ha de mantener esta publicaci\u00f3n, la AEPD argumenta que los datos deber\u00e1n ser mantenidas de forma que se permita la identificaci\u00f3n de los interesados \u200b\u200bdurante el tiempo estrictamente necesario para cumplir con la finalidad del tratamiento de las datos personales, tal como prev\u00e9 el art\u00edculo 5.1.e) RGPD. Por tanto, en el caso de las calificaciones provisionales deber\u00edan mantenerse hasta que transcurra el plazo para presentar reclamaciones, y las calificaciones definitivas durante el tiempo imprescindible que garantice su conocimiento por todos los interesados.<\/p>\n<p lang=\"ca-ES\" align=\"JUSTIFY\"> En todo caso, la AEPD concluye que en virtud de la autonom\u00eda universitaria reconocida en el art\u00edculo 27 de la Constituci\u00f3n Espa\u00f1ola y en la Ley Org\u00e1nica 6\/2001, de 21 de diciembre, de Universidades, y ostentando la Universidad consultando la condici\u00f3n de responsable del tratamiento conforme al RGPD, corresponder\u00e1 a la Universidad apreciar la necesidad de proceder a la publicaci\u00f3n de las calificaciones y la forma en que se debe hacer, en aplicaci\u00f3n del principio de responsabilidad proactiva en que se fundamenta la vigente normativa en materia de protecci\u00f3n de datos personales.<\/p>\n<p>[\/et_pb_text][\/et_pb_column][\/et_pb_row][\/et_pb_section]<\/p>\n","protected":false},"excerpt":{"rendered":"<p>Nos hacemos eco en este art\u00edculo de la respuesta del Gabinete Jur\u00eddico de la Agencia Espa\u00f1ola de Protecci\u00f3n de Datos, a una consulta relacionada con la publicaci\u00f3n de las calificaciones de los alumnos en asignaturas impartidas en los estudios de Grado. La AEPD pone de manifiesto que la publicaci\u00f3n de las calificaciones de los alumnos, [&hellip;]<\/p>\n","protected":false},"author":2,"featured_media":0,"comment_status":"closed","ping_status":"open","sticky":false,"template":"","format":"standard","meta":{"_et_pb_use_builder":"on","_et_pb_old_content":"","_et_gb_content_width":"","footnotes":""},"categories":[1],"tags":[39],"class_list":["post-1839","post","type-post","status-publish","format-standard","hentry","category-sense-categoria","tag-proteccion-de-datos"],"yoast_head":"<!-- This site is optimized with the Yoast SEO plugin v23.5 - https:\/\/yoast.com\/wordpress\/plugins\/seo\/ -->\n<title>La publicaci\u00f3n de las calificaciones de las notas de los alumnos universitarios queda sometida al RGPD - Dartem<\/title>\n<meta name=\"description\" content=\"La AEPD pone de manifiesto que la publicaci\u00f3n de las calificaciones de los alumnos, queda sometida a lo dispuesto en el RGPD.\" \/>\n<meta name=\"robots\" content=\"index, follow, max-snippet:-1, max-image-preview:large, max-video-preview:-1\" \/>\n<link rel=\"canonical\" href=\"https:\/\/www.dartem.cat\/es\/publicacion-calificaciones-notas-alumnos-universitarios-queda-sometida-rgpd\/\" \/>\n<meta property=\"og:locale\" content=\"es_ES\" \/>\n<meta property=\"og:type\" content=\"article\" \/>\n<meta property=\"og:title\" content=\"La publicaci\u00f3n de las calificaciones de las notas de los alumnos universitarios queda sometida al RGPD - Dartem\" \/>\n<meta property=\"og:description\" content=\"La AEPD pone de manifiesto que la publicaci\u00f3n de las calificaciones de los alumnos, queda sometida a lo dispuesto en el RGPD.\" \/>\n<meta property=\"og:url\" content=\"https:\/\/www.dartem.cat\/es\/publicacion-calificaciones-notas-alumnos-universitarios-queda-sometida-rgpd\/\" \/>\n<meta property=\"og:site_name\" content=\"Dartem\" \/>\n<meta property=\"article:published_time\" content=\"2019-06-20T10:07:58+00:00\" \/>\n<meta property=\"article:modified_time\" content=\"2021-09-06T07:51:58+00:00\" \/>\n<meta name=\"author\" content=\"dartem\" \/>\n<meta name=\"twitter:card\" content=\"summary_large_image\" \/>\n<meta name=\"twitter:label1\" content=\"Escrito por\" \/>\n\t<meta name=\"twitter:data1\" content=\"dartem\" \/>\n\t<meta name=\"twitter:label2\" content=\"Tiempo de lectura\" \/>\n\t<meta name=\"twitter:data2\" content=\"4 minutos\" \/>\n<script type=\"application\/ld+json\" class=\"yoast-schema-graph\">{\"@context\":\"https:\/\/schema.org\",\"@graph\":[{\"@type\":\"WebPage\",\"@id\":\"https:\/\/www.dartem.cat\/es\/publicacion-calificaciones-notas-alumnos-universitarios-queda-sometida-rgpd\/\",\"url\":\"https:\/\/www.dartem.cat\/es\/publicacion-calificaciones-notas-alumnos-universitarios-queda-sometida-rgpd\/\",\"name\":\"La publicaci\u00f3n de las calificaciones de las notas de los alumnos universitarios queda sometida al RGPD - Dartem\",\"isPartOf\":{\"@id\":\"https:\/\/www.dartem.cat\/es\/#website\"},\"datePublished\":\"2019-06-20T10:07:58+00:00\",\"dateModified\":\"2021-09-06T07:51:58+00:00\",\"author\":{\"@id\":\"https:\/\/www.dartem.cat\/es\/#\/schema\/person\/eb622dc1a0b39774cf61877894c2ca3b\"},\"description\":\"La AEPD pone de manifiesto que la publicaci\u00f3n de las calificaciones de los alumnos, queda sometida a lo dispuesto en el RGPD.\",\"breadcrumb\":{\"@id\":\"https:\/\/www.dartem.cat\/es\/publicacion-calificaciones-notas-alumnos-universitarios-queda-sometida-rgpd\/#breadcrumb\"},\"inLanguage\":\"es\",\"potentialAction\":[{\"@type\":\"ReadAction\",\"target\":[\"https:\/\/www.dartem.cat\/es\/publicacion-calificaciones-notas-alumnos-universitarios-queda-sometida-rgpd\/\"]}]},{\"@type\":\"BreadcrumbList\",\"@id\":\"https:\/\/www.dartem.cat\/es\/publicacion-calificaciones-notas-alumnos-universitarios-queda-sometida-rgpd\/#breadcrumb\",\"itemListElement\":[{\"@type\":\"ListItem\",\"position\":1,\"name\":\"Portada\",\"item\":\"https:\/\/www.dartem.cat\/es\/\"},{\"@type\":\"ListItem\",\"position\":2,\"name\":\"La publicaci\u00f3n de las calificaciones de las notas de los alumnos universitarios queda sometida al RGPD\"}]},{\"@type\":\"WebSite\",\"@id\":\"https:\/\/www.dartem.cat\/es\/#website\",\"url\":\"https:\/\/www.dartem.cat\/es\/\",\"name\":\"Dartem\",\"description\":\"Protecci\u00f3 de dades i Seguretat de la informaci\u00f3\",\"potentialAction\":[{\"@type\":\"SearchAction\",\"target\":{\"@type\":\"EntryPoint\",\"urlTemplate\":\"https:\/\/www.dartem.cat\/es\/?s={search_term_string}\"},\"query-input\":{\"@type\":\"PropertyValueSpecification\",\"valueRequired\":true,\"valueName\":\"search_term_string\"}}],\"inLanguage\":\"es\"},{\"@type\":\"Person\",\"@id\":\"https:\/\/www.dartem.cat\/es\/#\/schema\/person\/eb622dc1a0b39774cf61877894c2ca3b\",\"name\":\"dartem\",\"image\":{\"@type\":\"ImageObject\",\"inLanguage\":\"es\",\"@id\":\"https:\/\/www.dartem.cat\/es\/#\/schema\/person\/image\/\",\"url\":\"https:\/\/secure.gravatar.com\/avatar\/b1582f802a0e4aedb7455342857399b0?s=96&d=mm&r=g\",\"contentUrl\":\"https:\/\/secure.gravatar.com\/avatar\/b1582f802a0e4aedb7455342857399b0?s=96&d=mm&r=g\",\"caption\":\"dartem\"}}]}<\/script>\n<!-- \/ Yoast SEO plugin. -->","yoast_head_json":{"title":"La publicaci\u00f3n de las calificaciones de las notas de los alumnos universitarios queda sometida al RGPD - Dartem","description":"La AEPD pone de manifiesto que la publicaci\u00f3n de las calificaciones de los alumnos, queda sometida a lo dispuesto en el RGPD.","robots":{"index":"index","follow":"follow","max-snippet":"max-snippet:-1","max-image-preview":"max-image-preview:large","max-video-preview":"max-video-preview:-1"},"canonical":"https:\/\/www.dartem.cat\/es\/publicacion-calificaciones-notas-alumnos-universitarios-queda-sometida-rgpd\/","og_locale":"es_ES","og_type":"article","og_title":"La publicaci\u00f3n de las calificaciones de las notas de los alumnos universitarios queda sometida al RGPD - Dartem","og_description":"La AEPD pone de manifiesto que la publicaci\u00f3n de las calificaciones de los alumnos, queda sometida a lo dispuesto en el RGPD.","og_url":"https:\/\/www.dartem.cat\/es\/publicacion-calificaciones-notas-alumnos-universitarios-queda-sometida-rgpd\/","og_site_name":"Dartem","article_published_time":"2019-06-20T10:07:58+00:00","article_modified_time":"2021-09-06T07:51:58+00:00","author":"dartem","twitter_card":"summary_large_image","twitter_misc":{"Escrito por":"dartem","Tiempo de lectura":"4 minutos"},"schema":{"@context":"https:\/\/schema.org","@graph":[{"@type":"WebPage","@id":"https:\/\/www.dartem.cat\/es\/publicacion-calificaciones-notas-alumnos-universitarios-queda-sometida-rgpd\/","url":"https:\/\/www.dartem.cat\/es\/publicacion-calificaciones-notas-alumnos-universitarios-queda-sometida-rgpd\/","name":"La publicaci\u00f3n de las calificaciones de las notas de los alumnos universitarios queda sometida al RGPD - Dartem","isPartOf":{"@id":"https:\/\/www.dartem.cat\/es\/#website"},"datePublished":"2019-06-20T10:07:58+00:00","dateModified":"2021-09-06T07:51:58+00:00","author":{"@id":"https:\/\/www.dartem.cat\/es\/#\/schema\/person\/eb622dc1a0b39774cf61877894c2ca3b"},"description":"La AEPD pone de manifiesto que la publicaci\u00f3n de las calificaciones de los alumnos, queda sometida a lo dispuesto en el RGPD.","breadcrumb":{"@id":"https:\/\/www.dartem.cat\/es\/publicacion-calificaciones-notas-alumnos-universitarios-queda-sometida-rgpd\/#breadcrumb"},"inLanguage":"es","potentialAction":[{"@type":"ReadAction","target":["https:\/\/www.dartem.cat\/es\/publicacion-calificaciones-notas-alumnos-universitarios-queda-sometida-rgpd\/"]}]},{"@type":"BreadcrumbList","@id":"https:\/\/www.dartem.cat\/es\/publicacion-calificaciones-notas-alumnos-universitarios-queda-sometida-rgpd\/#breadcrumb","itemListElement":[{"@type":"ListItem","position":1,"name":"Portada","item":"https:\/\/www.dartem.cat\/es\/"},{"@type":"ListItem","position":2,"name":"La publicaci\u00f3n de las calificaciones de las notas de los alumnos universitarios queda sometida al RGPD"}]},{"@type":"WebSite","@id":"https:\/\/www.dartem.cat\/es\/#website","url":"https:\/\/www.dartem.cat\/es\/","name":"Dartem","description":"Protecci\u00f3 de dades i Seguretat de la informaci\u00f3","potentialAction":[{"@type":"SearchAction","target":{"@type":"EntryPoint","urlTemplate":"https:\/\/www.dartem.cat\/es\/?s={search_term_string}"},"query-input":{"@type":"PropertyValueSpecification","valueRequired":true,"valueName":"search_term_string"}}],"inLanguage":"es"},{"@type":"Person","@id":"https:\/\/www.dartem.cat\/es\/#\/schema\/person\/eb622dc1a0b39774cf61877894c2ca3b","name":"dartem","image":{"@type":"ImageObject","inLanguage":"es","@id":"https:\/\/www.dartem.cat\/es\/#\/schema\/person\/image\/","url":"https:\/\/secure.gravatar.com\/avatar\/b1582f802a0e4aedb7455342857399b0?s=96&d=mm&r=g","contentUrl":"https:\/\/secure.gravatar.com\/avatar\/b1582f802a0e4aedb7455342857399b0?s=96&d=mm&r=g","caption":"dartem"}}]}},"_links":{"self":[{"href":"https:\/\/www.dartem.cat\/es\/wp-json\/wp\/v2\/posts\/1839"}],"collection":[{"href":"https:\/\/www.dartem.cat\/es\/wp-json\/wp\/v2\/posts"}],"about":[{"href":"https:\/\/www.dartem.cat\/es\/wp-json\/wp\/v2\/types\/post"}],"author":[{"embeddable":true,"href":"https:\/\/www.dartem.cat\/es\/wp-json\/wp\/v2\/users\/2"}],"replies":[{"embeddable":true,"href":"https:\/\/www.dartem.cat\/es\/wp-json\/wp\/v2\/comments?post=1839"}],"version-history":[{"count":5,"href":"https:\/\/www.dartem.cat\/es\/wp-json\/wp\/v2\/posts\/1839\/revisions"}],"predecessor-version":[{"id":1844,"href":"https:\/\/www.dartem.cat\/es\/wp-json\/wp\/v2\/posts\/1839\/revisions\/1844"}],"wp:attachment":[{"href":"https:\/\/www.dartem.cat\/es\/wp-json\/wp\/v2\/media?parent=1839"}],"wp:term":[{"taxonomy":"category","embeddable":true,"href":"https:\/\/www.dartem.cat\/es\/wp-json\/wp\/v2\/categories?post=1839"},{"taxonomy":"post_tag","embeddable":true,"href":"https:\/\/www.dartem.cat\/es\/wp-json\/wp\/v2\/tags?post=1839"}],"curies":[{"name":"wp","href":"https:\/\/api.w.org\/{rel}","templated":true}]}}